{"id":994,"date":"2025-07-22T07:27:34","date_gmt":"2025-07-22T05:27:34","guid":{"rendered":"https:\/\/abex.be\/?p=994"},"modified":"2026-01-07T13:07:24","modified_gmt":"2026-01-07T12:07:24","slug":"abex-index-op-01-07-2025","status":"publish","type":"post","link":"https:\/\/abex.be\/nl\/indice-abex-au-01-07-2025\/","title":{"rendered":"Indice ABEX op 01\/07\/2025"},"content":{"rendered":"<div class=\"wpb-content-wrapper\"><div class=\"stripe stripe-style-1\" style=\"background-position: top;background-repeat: no-repeat;background-attachment: scroll;background-size: auto;padding-top: 0px;padding-bottom: 0px;margin-top: 0px;margin-bottom: 0px\"><div class=\"vc_row wpb_row vc_row-fluid\" style=\"\"><div class=\"wpb_column vc_column_container vc_col-sm-12\"><div class=\"vc_column-inner vc_custom_1743063936502\"><div class=\"wpb_wrapper\">\n\t<div class=\"wpb_text_column wpb_content_element\" >\n\t\t<div class=\"wpb_wrapper\">\n\t\t\t<p>De leden van de Indexcommissie hebben hun waargenomen prijzen voor de bouw van nieuwe particuliere woningen in het hele land voor de eerste helft van 2025 samengevoegd.<\/p>\n<p>Na beraadslaging stelde het indexcomit\u00e9 van de Belgische Vereniging van Deskundigen de nieuwe index vast op<\/p>\n<h2>1057<\/h2>\n<p>Dit vertegenwoordigt een variatie van +0,859% over 6 maanden en +0,859% over een jaar.<\/p>\n<p>Ontdek de nieuwe <a href=\"https:\/\/abex.be\/nl\/producten-3\/borderel-van-eenheidsprijzen-02-2025\/\" target=\"_blank\" rel=\"noopener\">slip 02-25<\/a><\/p>\n\n\t\t<\/div>\n\t<\/div>\n<\/div><\/div><\/div><\/div><\/div>\n<\/div>","protected":false},"excerpt":{"rendered":"<p>De leden van het Indexcomit\u00e9 hebben hun waargenomen prijzen voor de bouw van nieuwe priv\u00e9woningen over het hele land voor de eerste helft van 2025 samengevoegd. Na beraadslaging heeft het Indexcomit\u00e9 van de Belgische Vereniging van Experts de nieuwe index vastgesteld op 1057. Dit vertegenwoordigt een variatie van +0,859% over...<\/p>","protected":false},"author":1,"featured_media":926,"comment_status":"closed","ping_status":"closed","sticky":false,"template":"","format":"standard","meta":{"footnotes":""},"categories":[112],"tags":[],"class_list":["post-994","post","type-post","status-publish","format-standard","has-post-thumbnail","hentry","category-actualites","category-112","description-off"],"yoast_head":"<!-- This site is optimized with the Yoast SEO plugin v27.5 - https:\/\/yoast.com\/product\/yoast-seo-wordpress\/ -->\n<title>Indice ABEX 01\/05\/2025<\/title>\n<meta name=\"description\" content=\"Apr\u00e8s d\u00e9lib\u00e9ration, la commission de l\u2019indice de l\u2019Association Belge des Experts a fix\u00e9 le nouvel indice \u00e0 1057.\" \/>\n<meta name=\"robots\" content=\"index, follow, max-snippet:-1, max-image-preview:large, max-video-preview:-1\" \/>\n<link rel=\"canonical\" href=\"https:\/\/abex.be\/nl\/abex-index-op-01-07-2025\/\" \/>\n<meta property=\"og:locale\" content=\"nl_NL\" \/>\n<meta property=\"og:type\" content=\"article\" \/>\n<meta property=\"og:title\" content=\"Indice ABEX 01\/05\/2025\" \/>\n<meta property=\"og:description\" content=\"Apr\u00e8s d\u00e9lib\u00e9ration, la commission de l\u2019indice de l\u2019Association Belge des Experts a fix\u00e9 le nouvel indice \u00e0 1057\" \/>\n<meta property=\"og:url\" content=\"https:\/\/abex.be\/nl\/abex-index-op-01-07-2025\/\" \/>\n<meta property=\"og:site_name\" content=\"ABEX\" \/>\n<meta property=\"article:published_time\" content=\"2025-07-22T05:27:34+00:00\" \/>\n<meta property=\"article:modified_time\" content=\"2026-01-07T12:07:24+00:00\" \/>\n<meta property=\"og:image\" content=\"https:\/\/abex.be\/wp-content\/uploads\/2025\/06\/AdobeStock_637377352-scaled.jpeg\" \/>\n\t<meta property=\"og:image:width\" content=\"2560\" \/>\n\t<meta property=\"og:image:height\" content=\"1484\" \/>\n\t<meta property=\"og:image:type\" content=\"image\/jpeg\" \/>\n<meta name=\"author\" content=\"frederic\" \/>\n<meta name=\"twitter:card\" content=\"summary_large_image\" \/>\n<meta name=\"twitter:title\" content=\"Indice ABEX 01\/05\/2025\" \/>\n<meta name=\"twitter:description\" content=\"Apr\u00e8s d\u00e9lib\u00e9ration, la commission de l\u2019indice de l\u2019Association Belge des Experts a fix\u00e9 le nouvel indice \u00e0 1057\" \/>\n<meta name=\"twitter:image\" content=\"https:\/\/abex.be\/wp-content\/uploads\/2025\/06\/AdobeStock_637377352-scaled.jpeg\" \/>\n<meta name=\"twitter:label1\" content=\"Geschreven door\" \/>\n\t<meta name=\"twitter:data1\" content=\"frederic\" \/>\n\t<meta name=\"twitter:label2\" content=\"Geschatte leestijd\" \/>\n\t<meta name=\"twitter:data2\" content=\"1 minuut\" \/>\n<script type=\"application\/ld+json\" class=\"yoast-schema-graph\">{\"@context\":\"https:\\\/\\\/schema.org\",\"@graph\":[{\"@type\":\"Article\",\"@id\":\"https:\\\/\\\/abex.be\\\/indice-abex-au-01-07-2025\\\/#article\",\"isPartOf\":{\"@id\":\"https:\\\/\\\/abex.be\\\/indice-abex-au-01-07-2025\\\/\"},\"author\":{\"name\":\"frederic\",\"@id\":\"https:\\\/\\\/abex.be\\\/#\\\/schema\\\/person\\\/973792f27f82c145ac830c4543349220\"},\"headline\":\"Indice ABEX au 01\\\/07\\\/2025\",\"datePublished\":\"2025-07-22T05:27:34+00:00\",\"dateModified\":\"2026-01-07T12:07:24+00:00\",\"mainEntityOfPage\":{\"@id\":\"https:\\\/\\\/abex.be\\\/indice-abex-au-01-07-2025\\\/\"},\"wordCount\":110,\"publisher\":{\"@id\":\"https:\\\/\\\/abex.be\\\/#organization\"},\"image\":{\"@id\":\"https:\\\/\\\/abex.be\\\/indice-abex-au-01-07-2025\\\/#primaryimage\"},\"thumbnailUrl\":\"https:\\\/\\\/abex.be\\\/wp-content\\\/uploads\\\/2025\\\/06\\\/AdobeStock_637377352-scaled.jpeg\",\"articleSection\":[\"Actualit\u00e9s\"],\"inLanguage\":\"nl-NL\"},{\"@type\":\"WebPage\",\"@id\":\"https:\\\/\\\/abex.be\\\/indice-abex-au-01-07-2025\\\/\",\"url\":\"https:\\\/\\\/abex.be\\\/indice-abex-au-01-07-2025\\\/\",\"name\":\"Indice ABEX 01\\\/05\\\/2025\",\"isPartOf\":{\"@id\":\"https:\\\/\\\/abex.be\\\/#website\"},\"primaryImageOfPage\":{\"@id\":\"https:\\\/\\\/abex.be\\\/indice-abex-au-01-07-2025\\\/#primaryimage\"},\"image\":{\"@id\":\"https:\\\/\\\/abex.be\\\/indice-abex-au-01-07-2025\\\/#primaryimage\"},\"thumbnailUrl\":\"https:\\\/\\\/abex.be\\\/wp-content\\\/uploads\\\/2025\\\/06\\\/AdobeStock_637377352-scaled.jpeg\",\"datePublished\":\"2025-07-22T05:27:34+00:00\",\"dateModified\":\"2026-01-07T12:07:24+00:00\",\"description\":\"Apr\u00e8s d\u00e9lib\u00e9ration, la commission de l\u2019indice de l\u2019Association Belge des Experts a fix\u00e9 le nouvel indice \u00e0 1057.\",\"breadcrumb\":{\"@id\":\"https:\\\/\\\/abex.be\\\/indice-abex-au-01-07-2025\\\/#breadcrumb\"},\"inLanguage\":\"nl-NL\",\"potentialAction\":[{\"@type\":\"ReadAction\",\"target\":[\"https:\\\/\\\/abex.be\\\/indice-abex-au-01-07-2025\\\/\"]}]},{\"@type\":\"ImageObject\",\"inLanguage\":\"nl-NL\",\"@id\":\"https:\\\/\\\/abex.be\\\/indice-abex-au-01-07-2025\\\/#primaryimage\",\"url\":\"https:\\\/\\\/abex.be\\\/wp-content\\\/uploads\\\/2025\\\/06\\\/AdobeStock_637377352-scaled.jpeg\",\"contentUrl\":\"https:\\\/\\\/abex.be\\\/wp-content\\\/uploads\\\/2025\\\/06\\\/AdobeStock_637377352-scaled.jpeg\",\"width\":2560,\"height\":1484,\"caption\":\"Project approval concept. Businessman analyzing business growth chart to approve corporate project.\"},{\"@type\":\"BreadcrumbList\",\"@id\":\"https:\\\/\\\/abex.be\\\/indice-abex-au-01-07-2025\\\/#breadcrumb\",\"itemListElement\":[{\"@type\":\"ListItem\",\"position\":1,\"name\":\"Accueil\",\"item\":\"https:\\\/\\\/abex.be\\\/\"},{\"@type\":\"ListItem\",\"position\":2,\"name\":\"Indice ABEX au 01\\\/07\\\/2025\"}]},{\"@type\":\"WebSite\",\"@id\":\"https:\\\/\\\/abex.be\\\/#website\",\"url\":\"https:\\\/\\\/abex.be\\\/\",\"name\":\"ABEX\",\"description\":\"Association belge des Experts - Associatie van Belgische experten\",\"publisher\":{\"@id\":\"https:\\\/\\\/abex.be\\\/#organization\"},\"potentialAction\":[{\"@type\":\"SearchAction\",\"target\":{\"@type\":\"EntryPoint\",\"urlTemplate\":\"https:\\\/\\\/abex.be\\\/?s={search_term_string}\"},\"query-input\":{\"@type\":\"PropertyValueSpecification\",\"valueRequired\":true,\"valueName\":\"search_term_string\"}}],\"inLanguage\":\"nl-NL\"},{\"@type\":\"Organization\",\"@id\":\"https:\\\/\\\/abex.be\\\/#organization\",\"name\":\"Association belge des Experts - Associatie van Belgische experten\",\"url\":\"https:\\\/\\\/abex.be\\\/\",\"logo\":{\"@type\":\"ImageObject\",\"inLanguage\":\"nl-NL\",\"@id\":\"https:\\\/\\\/abex.be\\\/#\\\/schema\\\/logo\\\/image\\\/\",\"url\":\"https:\\\/\\\/abex.be\\\/wp-content\\\/uploads\\\/2025\\\/07\\\/ABEX-old-logo-blue-281.png\",\"contentUrl\":\"https:\\\/\\\/abex.be\\\/wp-content\\\/uploads\\\/2025\\\/07\\\/ABEX-old-logo-blue-281.png\",\"width\":1024,\"height\":1024,\"caption\":\"Association belge des Experts - Associatie van Belgische experten\"},\"image\":{\"@id\":\"https:\\\/\\\/abex.be\\\/#\\\/schema\\\/logo\\\/image\\\/\"},\"sameAs\":[\"https:\\\/\\\/www.linkedin.com\\\/company\\\/abex-up\\\/\"]},{\"@type\":\"Person\",\"@id\":\"https:\\\/\\\/abex.be\\\/#\\\/schema\\\/person\\\/973792f27f82c145ac830c4543349220\",\"name\":\"frederic\",\"image\":{\"@type\":\"ImageObject\",\"inLanguage\":\"nl-NL\",\"@id\":\"https:\\\/\\\/secure.gravatar.com\\\/avatar\\\/3eee3b2f4b3ebf88073157d699b05dded12a78b79ef1ba2d23b9730d932322c7?s=96&d=mm&r=g\",\"url\":\"https:\\\/\\\/secure.gravatar.com\\\/avatar\\\/3eee3b2f4b3ebf88073157d699b05dded12a78b79ef1ba2d23b9730d932322c7?s=96&d=mm&r=g\",\"contentUrl\":\"https:\\\/\\\/secure.gravatar.com\\\/avatar\\\/3eee3b2f4b3ebf88073157d699b05dded12a78b79ef1ba2d23b9730d932322c7?s=96&d=mm&r=g\",\"caption\":\"frederic\"},\"url\":\"https:\\\/\\\/abex.be\\\/nl\\\/author\\\/frederic\\\/\"}]}<\/script>\n<!-- \/ Yoast SEO plugin. -->","yoast_head_json":{"title":"ABEX index 01\/05\/2025","description":"Na beraadslaging stelde het indexcomit\u00e9 van de Belgische Vereniging van Experts de nieuwe index vast op 1057.","robots":{"index":"index","follow":"follow","max-snippet":"max-snippet:-1","max-image-preview":"max-image-preview:large","max-video-preview":"max-video-preview:-1"},"canonical":"https:\/\/abex.be\/nl\/abex-index-op-01-07-2025\/","og_locale":"nl_NL","og_type":"article","og_title":"Indice ABEX 01\/05\/2025","og_description":"Apr\u00e8s d\u00e9lib\u00e9ration, la commission de l\u2019indice de l\u2019Association Belge des Experts a fix\u00e9 le nouvel indice \u00e0 1057","og_url":"https:\/\/abex.be\/nl\/abex-index-op-01-07-2025\/","og_site_name":"ABEX","article_published_time":"2025-07-22T05:27:34+00:00","article_modified_time":"2026-01-07T12:07:24+00:00","og_image":[{"width":2560,"height":1484,"url":"https:\/\/abex.be\/wp-content\/uploads\/2025\/06\/AdobeStock_637377352-scaled.jpeg","type":"image\/jpeg"}],"author":"frederic","twitter_card":"summary_large_image","twitter_title":"Indice ABEX 01\/05\/2025","twitter_description":"Apr\u00e8s d\u00e9lib\u00e9ration, la commission de l\u2019indice de l\u2019Association Belge des Experts a fix\u00e9 le nouvel indice \u00e0 1057","twitter_image":"https:\/\/abex.be\/wp-content\/uploads\/2025\/06\/AdobeStock_637377352-scaled.jpeg","twitter_misc":{"Geschreven door":"frederic","Geschatte leestijd":"1 minuut"},"schema":{"@context":"https:\/\/schema.org","@graph":[{"@type":"Article","@id":"https:\/\/abex.be\/indice-abex-au-01-07-2025\/#article","isPartOf":{"@id":"https:\/\/abex.be\/indice-abex-au-01-07-2025\/"},"author":{"name":"frederic","@id":"https:\/\/abex.be\/#\/schema\/person\/973792f27f82c145ac830c4543349220"},"headline":"Indice ABEX au 01\/07\/2025","datePublished":"2025-07-22T05:27:34+00:00","dateModified":"2026-01-07T12:07:24+00:00","mainEntityOfPage":{"@id":"https:\/\/abex.be\/indice-abex-au-01-07-2025\/"},"wordCount":110,"publisher":{"@id":"https:\/\/abex.be\/#organization"},"image":{"@id":"https:\/\/abex.be\/indice-abex-au-01-07-2025\/#primaryimage"},"thumbnailUrl":"https:\/\/abex.be\/wp-content\/uploads\/2025\/06\/AdobeStock_637377352-scaled.jpeg","articleSection":["Actualit\u00e9s"],"inLanguage":"nl-NL"},{"@type":"WebPage","@id":"https:\/\/abex.be\/indice-abex-au-01-07-2025\/","url":"https:\/\/abex.be\/indice-abex-au-01-07-2025\/","name":"ABEX index 01\/05\/2025","isPartOf":{"@id":"https:\/\/abex.be\/#website"},"primaryImageOfPage":{"@id":"https:\/\/abex.be\/indice-abex-au-01-07-2025\/#primaryimage"},"image":{"@id":"https:\/\/abex.be\/indice-abex-au-01-07-2025\/#primaryimage"},"thumbnailUrl":"https:\/\/abex.be\/wp-content\/uploads\/2025\/06\/AdobeStock_637377352-scaled.jpeg","datePublished":"2025-07-22T05:27:34+00:00","dateModified":"2026-01-07T12:07:24+00:00","description":"Na beraadslaging stelde het indexcomit\u00e9 van de Belgische Vereniging van Experts de nieuwe index vast op 1057.","breadcrumb":{"@id":"https:\/\/abex.be\/indice-abex-au-01-07-2025\/#breadcrumb"},"inLanguage":"nl-NL","potentialAction":[{"@type":"ReadAction","target":["https:\/\/abex.be\/indice-abex-au-01-07-2025\/"]}]},{"@type":"ImageObject","inLanguage":"nl-NL","@id":"https:\/\/abex.be\/indice-abex-au-01-07-2025\/#primaryimage","url":"https:\/\/abex.be\/wp-content\/uploads\/2025\/06\/AdobeStock_637377352-scaled.jpeg","contentUrl":"https:\/\/abex.be\/wp-content\/uploads\/2025\/06\/AdobeStock_637377352-scaled.jpeg","width":2560,"height":1484,"caption":"Project approval concept. Businessman analyzing business growth chart to approve corporate project."},{"@type":"BreadcrumbList","@id":"https:\/\/abex.be\/indice-abex-au-01-07-2025\/#breadcrumb","itemListElement":[{"@type":"ListItem","position":1,"name":"Accueil","item":"https:\/\/abex.be\/"},{"@type":"ListItem","position":2,"name":"Indice ABEX au 01\/07\/2025"}]},{"@type":"WebSite","@id":"https:\/\/abex.be\/#website","url":"https:\/\/abex.be\/","name":"ABEX","description":"Belgische expertenvereniging - Vereniging van Belgische experten","publisher":{"@id":"https:\/\/abex.be\/#organization"},"potentialAction":[{"@type":"SearchAction","target":{"@type":"EntryPoint","urlTemplate":"https:\/\/abex.be\/?s={search_term_string}"},"query-input":{"@type":"PropertyValueSpecification","valueRequired":true,"valueName":"search_term_string"}}],"inLanguage":"nl-NL"},{"@type":"Organization","@id":"https:\/\/abex.be\/#organization","name":"Belgische expertenvereniging - Vereniging van Belgische experten","url":"https:\/\/abex.be\/","logo":{"@type":"ImageObject","inLanguage":"nl-NL","@id":"https:\/\/abex.be\/#\/schema\/logo\/image\/","url":"https:\/\/abex.be\/wp-content\/uploads\/2025\/07\/ABEX-old-logo-blue-281.png","contentUrl":"https:\/\/abex.be\/wp-content\/uploads\/2025\/07\/ABEX-old-logo-blue-281.png","width":1024,"height":1024,"caption":"Association belge des Experts - Associatie van Belgische experten"},"image":{"@id":"https:\/\/abex.be\/#\/schema\/logo\/image\/"},"sameAs":["https:\/\/www.linkedin.com\/company\/abex-up\/"]},{"@type":"Person","@id":"https:\/\/abex.be\/#\/schema\/person\/973792f27f82c145ac830c4543349220","name":"frederic","image":{"@type":"ImageObject","inLanguage":"nl-NL","@id":"https:\/\/secure.gravatar.com\/avatar\/3eee3b2f4b3ebf88073157d699b05dded12a78b79ef1ba2d23b9730d932322c7?s=96&d=mm&r=g","url":"https:\/\/secure.gravatar.com\/avatar\/3eee3b2f4b3ebf88073157d699b05dded12a78b79ef1ba2d23b9730d932322c7?s=96&d=mm&r=g","contentUrl":"https:\/\/secure.gravatar.com\/avatar\/3eee3b2f4b3ebf88073157d699b05dded12a78b79ef1ba2d23b9730d932322c7?s=96&d=mm&r=g","caption":"frederic"},"url":"https:\/\/abex.be\/nl\/author\/frederic\/"}]}},"_links":{"self":[{"href":"https:\/\/abex.be\/nl\/wp-json\/wp\/v2\/posts\/994","targetHints":{"allow":["GET"]}}],"collection":[{"href":"https:\/\/abex.be\/nl\/wp-json\/wp\/v2\/posts"}],"about":[{"href":"https:\/\/abex.be\/nl\/wp-json\/wp\/v2\/types\/post"}],"author":[{"embeddable":true,"href":"https:\/\/abex.be\/nl\/wp-json\/wp\/v2\/users\/1"}],"replies":[{"embeddable":true,"href":"https:\/\/abex.be\/nl\/wp-json\/wp\/v2\/comments?post=994"}],"version-history":[{"count":0,"href":"https:\/\/abex.be\/nl\/wp-json\/wp\/v2\/posts\/994\/revisions"}],"wp:featuredmedia":[{"embeddable":true,"href":"https:\/\/abex.be\/nl\/wp-json\/wp\/v2\/media\/926"}],"wp:attachment":[{"href":"https:\/\/abex.be\/nl\/wp-json\/wp\/v2\/media?parent=994"}],"wp:term":[{"taxonomy":"category","embeddable":true,"href":"https:\/\/abex.be\/nl\/wp-json\/wp\/v2\/categories?post=994"},{"taxonomy":"post_tag","embeddable":true,"href":"https:\/\/abex.be\/nl\/wp-json\/wp\/v2\/tags?post=994"}],"curies":[{"name":"wp","href":"https:\/\/api.w.org\/{rel}","templated":true}]}}