{"id":1719,"date":"2025-12-10T11:14:15","date_gmt":"2025-12-10T10:14:15","guid":{"rendered":"https:\/\/abex.be\/?p=1719"},"modified":"2026-01-30T16:33:23","modified_gmt":"2026-01-30T15:33:23","slug":"symposium_ia","status":"publish","type":"post","link":"https:\/\/abex.be\/en\/colloque_ia\/","title":{"rendered":"AI Symposium"},"content":{"rendered":"<div class=\"wpb-content-wrapper\"><div class=\"stripe stripe-style-1\" style=\"background-position: top;background-repeat: no-repeat;background-attachment: scroll;background-size: auto;padding-top: 0px;padding-bottom: 0px;margin-top: 0px;margin-bottom: 0px\"><div class=\"vc_row wpb_row vc_row-fluid\" style=\"\"><div class=\"wpb_column vc_column_container vc_col-sm-12\"><div class=\"vc_column-inner vc_custom_1743063936502\"><div class=\"wpb_wrapper\"><div class=\"vc_row wpb_row vc_inner vc_row-fluid\"><div class=\"wpb_column vc_column_container vc_col-sm-12\"><div class=\"vc_column-inner\"><div class=\"wpb_wrapper\">\n\t<div class=\"wpb_text_column wpb_content_element\" >\n\t\t<div class=\"wpb_wrapper\">\n\t\t\t<p class=\"translation-block\">The symposium on AI and forensic expertise held on December 9, 2025, was a resounding success, marked by rich discussions.\nThe expertise, clarity, and commitment of the speakers provided participants with an experience that was both informative and motivating.<\/p>\n\n\t\t<\/div>\n\t<\/div>\n\n\t<div class=\"wpb_video_widget wpb_content_element vc_clearfix   vc_video-aspect-ratio-169 vc_video-el-width-80 vc_video-align-left\" >\n\t\t<div class=\"wpb_wrapper\">\n\t\t\t<h2 class=\"wpb_heading wpb_video_heading\">Colloque : IA et expertise judiciaire \/ Coferentie : AI en gerechtelijke expertise<\/h2>\n\t\t\t<div class=\"wpb_video_wrapper\"><iframe loading=\"lazy\" title=\"Colloque : IA et expertise judiciaire \/ Coferentie : AI en gerechtelijke expertise\" width=\"500\" height=\"281\" src=\"https:\/\/www.youtube.com\/embed\/xrwpn7r8FP4?feature=oembed\" frameborder=\"0\" allow=\"accelerometer; autoplay; clipboard-write; encrypted-media; gyroscope; picture-in-picture; web-share\" referrerpolicy=\"strict-origin-when-cross-origin\" allowfullscreen><\/iframe><\/div>\n\t\t<\/div>\n\t<\/div>\n<div class=\"vc_separator wpb_content_element vc_separator_align_center vc_sep_width_100 vc_sep_shadow vc_sep_pos_align_center vc_separator_no_text vc_sep_color_white wpb_content_element  wpb_content_element\" ><span class=\"vc_sep_holder vc_sep_holder_l\"><span class=\"vc_sep_line\"><\/span><\/span><span class=\"vc_sep_holder vc_sep_holder_r\"><span class=\"vc_sep_line\"><\/span><\/span>\n<\/div>\n\t<div class=\"wpb_video_widget wpb_content_element vc_clearfix   vc_video-aspect-ratio-169 vc_video-el-width-80 vc_video-align-left\" >\n\t\t<div class=\"wpb_wrapper\">\n\t\t\t\n\t\t\t<div class=\"wpb_video_wrapper\"><iframe loading=\"lazy\" title=\"Conferentie AI en gerechtelijke expertise - AI and legal expertise conference\" width=\"500\" height=\"281\" src=\"https:\/\/www.youtube.com\/embed\/IKbo058_hUk?feature=oembed\" frameborder=\"0\" allow=\"accelerometer; autoplay; clipboard-write; encrypted-media; gyroscope; picture-in-picture; web-share\" referrerpolicy=\"strict-origin-when-cross-origin\" allowfullscreen><\/iframe><\/div>\n\t\t<\/div>\n\t<\/div>\n<\/div><\/div><\/div><\/div><\/div><\/div><\/div><\/div><\/div>\n<\/div>","protected":false},"excerpt":{"rendered":"<p>The colloquium on AI and forensic science held on 9 December 2025 was a real success, marked by rich exchanges. The expertise, clarity and commitment of the speakers provided participants with an instructive and motivating experience. Colloque : IA et expertise judiciaire \/ Coferentie : AI en gerechtelijke expertise<\/p>","protected":false},"author":3,"featured_media":1720,"comment_status":"closed","ping_status":"closed","sticky":false,"template":"","format":"standard","meta":{"footnotes":""},"categories":[112],"tags":[],"class_list":["post-1719","post","type-post","status-publish","format-standard","has-post-thumbnail","hentry","category-actualites","category-112","description-off"],"yoast_head":"<!-- This site is optimized with the Yoast SEO plugin v27.5 - https:\/\/yoast.com\/product\/yoast-seo-wordpress\/ -->\n<title>Assembl\u00e9e g\u00e9n\u00e9rale - ABEX<\/title>\n<meta name=\"description\" content=\"L\u2019assembl\u00e9e g\u00e9n\u00e9rale de l&#039;ABEX s\u2019est tenue en date du 4 avril 2025 suivie d\u2019un drink convivial au jardin.\" \/>\n<meta name=\"robots\" content=\"index, follow, max-snippet:-1, max-image-preview:large, max-video-preview:-1\" \/>\n<link rel=\"canonical\" href=\"https:\/\/abex.be\/en\/symposium_ia\/\" \/>\n<meta property=\"og:locale\" content=\"en_GB\" \/>\n<meta property=\"og:type\" content=\"article\" \/>\n<meta property=\"og:title\" content=\"Assembl\u00e9e g\u00e9n\u00e9rale - ABEX\" \/>\n<meta property=\"og:description\" content=\"L\u2019assembl\u00e9e g\u00e9n\u00e9rale de l&#039;ABEX s\u2019est tenue en date du 4 avril 2025 suivie d\u2019un drink convivial au jardin.\" \/>\n<meta property=\"og:url\" content=\"https:\/\/abex.be\/en\/symposium_ia\/\" \/>\n<meta property=\"og:site_name\" content=\"ABEX\" \/>\n<meta property=\"article:published_time\" content=\"2025-12-10T10:14:15+00:00\" \/>\n<meta property=\"article:modified_time\" content=\"2026-01-30T15:33:23+00:00\" \/>\n<meta property=\"og:image\" content=\"https:\/\/abex.be\/wp-content\/uploads\/2025\/07\/PHOTO-2025-04-17-16-50-13.jpg\" \/>\n\t<meta property=\"og:image:width\" content=\"640\" \/>\n\t<meta property=\"og:image:height\" content=\"480\" \/>\n\t<meta property=\"og:image:type\" content=\"image\/jpeg\" \/>\n<meta name=\"author\" content=\"Nathalie Muys\" \/>\n<meta name=\"twitter:card\" content=\"summary_large_image\" \/>\n<meta name=\"twitter:title\" content=\"Assembl\u00e9e g\u00e9n\u00e9rale - ABEX\" \/>\n<meta name=\"twitter:description\" content=\"L\u2019assembl\u00e9e g\u00e9n\u00e9rale de l&#039;ABEX s\u2019est tenue en date du 4 avril 2025 suivie d\u2019un drink convivial au jardin.\" \/>\n<meta name=\"twitter:image\" content=\"https:\/\/abex.be\/wp-content\/uploads\/2025\/07\/PHOTO-2025-04-17-16-50-13.jpg\" \/>\n<meta name=\"twitter:label1\" content=\"Written by\" \/>\n\t<meta name=\"twitter:data1\" content=\"Nathalie Muys\" \/>\n\t<meta name=\"twitter:label2\" content=\"Estimated reading time\" \/>\n\t<meta name=\"twitter:data2\" content=\"1 minute\" \/>\n<script type=\"application\/ld+json\" class=\"yoast-schema-graph\">{\"@context\":\"https:\\\/\\\/schema.org\",\"@graph\":[{\"@type\":\"Article\",\"@id\":\"https:\\\/\\\/abex.be\\\/colloque_ia\\\/#article\",\"isPartOf\":{\"@id\":\"https:\\\/\\\/abex.be\\\/colloque_ia\\\/\"},\"author\":{\"name\":\"Nathalie Muys\",\"@id\":\"https:\\\/\\\/abex.be\\\/#\\\/schema\\\/person\\\/33d3fd7ae25cc361aee4eeb3356aa30b\"},\"headline\":\"Colloque sur l&rsquo;IA\",\"datePublished\":\"2025-12-10T10:14:15+00:00\",\"dateModified\":\"2026-01-30T15:33:23+00:00\",\"mainEntityOfPage\":{\"@id\":\"https:\\\/\\\/abex.be\\\/colloque_ia\\\/\"},\"wordCount\":144,\"publisher\":{\"@id\":\"https:\\\/\\\/abex.be\\\/#organization\"},\"image\":{\"@id\":\"https:\\\/\\\/abex.be\\\/colloque_ia\\\/#primaryimage\"},\"thumbnailUrl\":\"https:\\\/\\\/abex.be\\\/wp-content\\\/uploads\\\/2026\\\/01\\\/ABEX-Colloque-091225-AM-011.jpg\",\"articleSection\":[\"Actualit\u00e9s\"],\"inLanguage\":\"en-GB\"},{\"@type\":\"WebPage\",\"@id\":\"https:\\\/\\\/abex.be\\\/colloque_ia\\\/\",\"url\":\"https:\\\/\\\/abex.be\\\/colloque_ia\\\/\",\"name\":\"Assembl\u00e9e g\u00e9n\u00e9rale - ABEX\",\"isPartOf\":{\"@id\":\"https:\\\/\\\/abex.be\\\/#website\"},\"primaryImageOfPage\":{\"@id\":\"https:\\\/\\\/abex.be\\\/colloque_ia\\\/#primaryimage\"},\"image\":{\"@id\":\"https:\\\/\\\/abex.be\\\/colloque_ia\\\/#primaryimage\"},\"thumbnailUrl\":\"https:\\\/\\\/abex.be\\\/wp-content\\\/uploads\\\/2026\\\/01\\\/ABEX-Colloque-091225-AM-011.jpg\",\"datePublished\":\"2025-12-10T10:14:15+00:00\",\"dateModified\":\"2026-01-30T15:33:23+00:00\",\"description\":\"L\u2019assembl\u00e9e g\u00e9n\u00e9rale de l'ABEX s\u2019est tenue en date du 4 avril 2025 suivie d\u2019un drink convivial au jardin.\",\"breadcrumb\":{\"@id\":\"https:\\\/\\\/abex.be\\\/colloque_ia\\\/#breadcrumb\"},\"inLanguage\":\"en-GB\",\"potentialAction\":[{\"@type\":\"ReadAction\",\"target\":[\"https:\\\/\\\/abex.be\\\/colloque_ia\\\/\"]}]},{\"@type\":\"ImageObject\",\"inLanguage\":\"en-GB\",\"@id\":\"https:\\\/\\\/abex.be\\\/colloque_ia\\\/#primaryimage\",\"url\":\"https:\\\/\\\/abex.be\\\/wp-content\\\/uploads\\\/2026\\\/01\\\/ABEX-Colloque-091225-AM-011.jpg\",\"contentUrl\":\"https:\\\/\\\/abex.be\\\/wp-content\\\/uploads\\\/2026\\\/01\\\/ABEX-Colloque-091225-AM-011.jpg\",\"width\":1920,\"height\":1080},{\"@type\":\"BreadcrumbList\",\"@id\":\"https:\\\/\\\/abex.be\\\/colloque_ia\\\/#breadcrumb\",\"itemListElement\":[{\"@type\":\"ListItem\",\"position\":1,\"name\":\"Accueil\",\"item\":\"https:\\\/\\\/abex.be\\\/\"},{\"@type\":\"ListItem\",\"position\":2,\"name\":\"Colloque sur l&rsquo;IA\"}]},{\"@type\":\"WebSite\",\"@id\":\"https:\\\/\\\/abex.be\\\/#website\",\"url\":\"https:\\\/\\\/abex.be\\\/\",\"name\":\"ABEX\",\"description\":\"Association belge des Experts - Associatie van Belgische experten\",\"publisher\":{\"@id\":\"https:\\\/\\\/abex.be\\\/#organization\"},\"potentialAction\":[{\"@type\":\"SearchAction\",\"target\":{\"@type\":\"EntryPoint\",\"urlTemplate\":\"https:\\\/\\\/abex.be\\\/?s={search_term_string}\"},\"query-input\":{\"@type\":\"PropertyValueSpecification\",\"valueRequired\":true,\"valueName\":\"search_term_string\"}}],\"inLanguage\":\"en-GB\"},{\"@type\":\"Organization\",\"@id\":\"https:\\\/\\\/abex.be\\\/#organization\",\"name\":\"Association belge des Experts - Associatie van Belgische experten\",\"url\":\"https:\\\/\\\/abex.be\\\/\",\"logo\":{\"@type\":\"ImageObject\",\"inLanguage\":\"en-GB\",\"@id\":\"https:\\\/\\\/abex.be\\\/#\\\/schema\\\/logo\\\/image\\\/\",\"url\":\"https:\\\/\\\/abex.be\\\/wp-content\\\/uploads\\\/2025\\\/07\\\/ABEX-old-logo-blue-281.png\",\"contentUrl\":\"https:\\\/\\\/abex.be\\\/wp-content\\\/uploads\\\/2025\\\/07\\\/ABEX-old-logo-blue-281.png\",\"width\":1024,\"height\":1024,\"caption\":\"Association belge des Experts - Associatie van Belgische experten\"},\"image\":{\"@id\":\"https:\\\/\\\/abex.be\\\/#\\\/schema\\\/logo\\\/image\\\/\"},\"sameAs\":[\"https:\\\/\\\/www.linkedin.com\\\/company\\\/abex-up\\\/\"]},{\"@type\":\"Person\",\"@id\":\"https:\\\/\\\/abex.be\\\/#\\\/schema\\\/person\\\/33d3fd7ae25cc361aee4eeb3356aa30b\",\"name\":\"Nathalie Muys\",\"image\":{\"@type\":\"ImageObject\",\"inLanguage\":\"en-GB\",\"@id\":\"https:\\\/\\\/secure.gravatar.com\\\/avatar\\\/734eda292c16f4b41814268d0d8c6d2e51c68e3e911c20651261e6fd5d4b88fa?s=96&d=mm&r=g\",\"url\":\"https:\\\/\\\/secure.gravatar.com\\\/avatar\\\/734eda292c16f4b41814268d0d8c6d2e51c68e3e911c20651261e6fd5d4b88fa?s=96&d=mm&r=g\",\"contentUrl\":\"https:\\\/\\\/secure.gravatar.com\\\/avatar\\\/734eda292c16f4b41814268d0d8c6d2e51c68e3e911c20651261e6fd5d4b88fa?s=96&d=mm&r=g\",\"caption\":\"Nathalie Muys\"},\"sameAs\":[\"http:\\\/\\\/abex.be\"],\"url\":\"https:\\\/\\\/abex.be\\\/en\\\/author\\\/abex-officeadmin\\\/\"}]}<\/script>\n<!-- \/ Yoast SEO plugin. -->","yoast_head_json":{"title":"General Meeting - ABEX","description":"The ABEX general meeting was held on 4 April 2025, followed by a convivial drink in the garden.","robots":{"index":"index","follow":"follow","max-snippet":"max-snippet:-1","max-image-preview":"max-image-preview:large","max-video-preview":"max-video-preview:-1"},"canonical":"https:\/\/abex.be\/en\/symposium_ia\/","og_locale":"en_GB","og_type":"article","og_title":"Assembl\u00e9e g\u00e9n\u00e9rale - ABEX","og_description":"L\u2019assembl\u00e9e g\u00e9n\u00e9rale de l'ABEX s\u2019est tenue en date du 4 avril 2025 suivie d\u2019un drink convivial au jardin.","og_url":"https:\/\/abex.be\/en\/symposium_ia\/","og_site_name":"ABEX","article_published_time":"2025-12-10T10:14:15+00:00","article_modified_time":"2026-01-30T15:33:23+00:00","og_image":[{"width":640,"height":480,"url":"https:\/\/abex.be\/wp-content\/uploads\/2025\/07\/PHOTO-2025-04-17-16-50-13.jpg","type":"image\/jpeg"}],"author":"Nathalie Muys","twitter_card":"summary_large_image","twitter_title":"Assembl\u00e9e g\u00e9n\u00e9rale - ABEX","twitter_description":"L\u2019assembl\u00e9e g\u00e9n\u00e9rale de l'ABEX s\u2019est tenue en date du 4 avril 2025 suivie d\u2019un drink convivial au jardin.","twitter_image":"https:\/\/abex.be\/wp-content\/uploads\/2025\/07\/PHOTO-2025-04-17-16-50-13.jpg","twitter_misc":{"Written by":"Nathalie Muys","Estimated reading time":"1 minute"},"schema":{"@context":"https:\/\/schema.org","@graph":[{"@type":"Article","@id":"https:\/\/abex.be\/colloque_ia\/#article","isPartOf":{"@id":"https:\/\/abex.be\/colloque_ia\/"},"author":{"name":"Nathalie Muys","@id":"https:\/\/abex.be\/#\/schema\/person\/33d3fd7ae25cc361aee4eeb3356aa30b"},"headline":"Colloque sur l&rsquo;IA","datePublished":"2025-12-10T10:14:15+00:00","dateModified":"2026-01-30T15:33:23+00:00","mainEntityOfPage":{"@id":"https:\/\/abex.be\/colloque_ia\/"},"wordCount":144,"publisher":{"@id":"https:\/\/abex.be\/#organization"},"image":{"@id":"https:\/\/abex.be\/colloque_ia\/#primaryimage"},"thumbnailUrl":"https:\/\/abex.be\/wp-content\/uploads\/2026\/01\/ABEX-Colloque-091225-AM-011.jpg","articleSection":["Actualit\u00e9s"],"inLanguage":"en-GB"},{"@type":"WebPage","@id":"https:\/\/abex.be\/colloque_ia\/","url":"https:\/\/abex.be\/colloque_ia\/","name":"General Meeting - ABEX","isPartOf":{"@id":"https:\/\/abex.be\/#website"},"primaryImageOfPage":{"@id":"https:\/\/abex.be\/colloque_ia\/#primaryimage"},"image":{"@id":"https:\/\/abex.be\/colloque_ia\/#primaryimage"},"thumbnailUrl":"https:\/\/abex.be\/wp-content\/uploads\/2026\/01\/ABEX-Colloque-091225-AM-011.jpg","datePublished":"2025-12-10T10:14:15+00:00","dateModified":"2026-01-30T15:33:23+00:00","description":"The ABEX general meeting was held on 4 April 2025, followed by a convivial drink in the garden.","breadcrumb":{"@id":"https:\/\/abex.be\/colloque_ia\/#breadcrumb"},"inLanguage":"en-GB","potentialAction":[{"@type":"ReadAction","target":["https:\/\/abex.be\/colloque_ia\/"]}]},{"@type":"ImageObject","inLanguage":"en-GB","@id":"https:\/\/abex.be\/colloque_ia\/#primaryimage","url":"https:\/\/abex.be\/wp-content\/uploads\/2026\/01\/ABEX-Colloque-091225-AM-011.jpg","contentUrl":"https:\/\/abex.be\/wp-content\/uploads\/2026\/01\/ABEX-Colloque-091225-AM-011.jpg","width":1920,"height":1080},{"@type":"BreadcrumbList","@id":"https:\/\/abex.be\/colloque_ia\/#breadcrumb","itemListElement":[{"@type":"ListItem","position":1,"name":"Accueil","item":"https:\/\/abex.be\/"},{"@type":"ListItem","position":2,"name":"Colloque sur l&rsquo;IA"}]},{"@type":"WebSite","@id":"https:\/\/abex.be\/#website","url":"https:\/\/abex.be\/","name":"ABEX","description":"Association belge des Experts - Associatie van Belgische experten","publisher":{"@id":"https:\/\/abex.be\/#organization"},"potentialAction":[{"@type":"SearchAction","target":{"@type":"EntryPoint","urlTemplate":"https:\/\/abex.be\/?s={search_term_string}"},"query-input":{"@type":"PropertyValueSpecification","valueRequired":true,"valueName":"search_term_string"}}],"inLanguage":"en-GB"},{"@type":"Organization","@id":"https:\/\/abex.be\/#organization","name":"Association belge des Experts - Associatie van Belgische experten","url":"https:\/\/abex.be\/","logo":{"@type":"ImageObject","inLanguage":"en-GB","@id":"https:\/\/abex.be\/#\/schema\/logo\/image\/","url":"https:\/\/abex.be\/wp-content\/uploads\/2025\/07\/ABEX-old-logo-blue-281.png","contentUrl":"https:\/\/abex.be\/wp-content\/uploads\/2025\/07\/ABEX-old-logo-blue-281.png","width":1024,"height":1024,"caption":"Association belge des Experts - Associatie van Belgische experten"},"image":{"@id":"https:\/\/abex.be\/#\/schema\/logo\/image\/"},"sameAs":["https:\/\/www.linkedin.com\/company\/abex-up\/"]},{"@type":"Person","@id":"https:\/\/abex.be\/#\/schema\/person\/33d3fd7ae25cc361aee4eeb3356aa30b","name":"Nathalie Muys","image":{"@type":"ImageObject","inLanguage":"en-GB","@id":"https:\/\/secure.gravatar.com\/avatar\/734eda292c16f4b41814268d0d8c6d2e51c68e3e911c20651261e6fd5d4b88fa?s=96&d=mm&r=g","url":"https:\/\/secure.gravatar.com\/avatar\/734eda292c16f4b41814268d0d8c6d2e51c68e3e911c20651261e6fd5d4b88fa?s=96&d=mm&r=g","contentUrl":"https:\/\/secure.gravatar.com\/avatar\/734eda292c16f4b41814268d0d8c6d2e51c68e3e911c20651261e6fd5d4b88fa?s=96&d=mm&r=g","caption":"Nathalie Muys"},"sameAs":["http:\/\/abex.be"],"url":"https:\/\/abex.be\/en\/author\/abex-officeadmin\/"}]}},"_links":{"self":[{"href":"https:\/\/abex.be\/en\/wp-json\/wp\/v2\/posts\/1719","targetHints":{"allow":["GET"]}}],"collection":[{"href":"https:\/\/abex.be\/en\/wp-json\/wp\/v2\/posts"}],"about":[{"href":"https:\/\/abex.be\/en\/wp-json\/wp\/v2\/types\/post"}],"author":[{"embeddable":true,"href":"https:\/\/abex.be\/en\/wp-json\/wp\/v2\/users\/3"}],"replies":[{"embeddable":true,"href":"https:\/\/abex.be\/en\/wp-json\/wp\/v2\/comments?post=1719"}],"version-history":[{"count":0,"href":"https:\/\/abex.be\/en\/wp-json\/wp\/v2\/posts\/1719\/revisions"}],"wp:featuredmedia":[{"embeddable":true,"href":"https:\/\/abex.be\/en\/wp-json\/wp\/v2\/media\/1720"}],"wp:attachment":[{"href":"https:\/\/abex.be\/en\/wp-json\/wp\/v2\/media?parent=1719"}],"wp:term":[{"taxonomy":"category","embeddable":true,"href":"https:\/\/abex.be\/en\/wp-json\/wp\/v2\/categories?post=1719"},{"taxonomy":"post_tag","embeddable":true,"href":"https:\/\/abex.be\/en\/wp-json\/wp\/v2\/tags?post=1719"}],"curies":[{"name":"wp","href":"https:\/\/api.w.org\/{rel}","templated":true}]}}