{"id":1698,"date":"2026-01-07T13:06:45","date_gmt":"2026-01-07T12:06:45","guid":{"rendered":"https:\/\/abex.be\/?p=1698"},"modified":"2026-01-14T12:18:00","modified_gmt":"2026-01-14T11:18:00","slug":"abex-index-am-01-01-2026","status":"publish","type":"post","link":"https:\/\/abex.be\/de\/indice-abex-au-01-01-2026\/","title":{"rendered":"ABEX-Index am 01.01.2026"},"content":{"rendered":"<div class=\"wpb-content-wrapper\"><div class=\"stripe stripe-style-1\" style=\"background-position: top;background-repeat: no-repeat;background-attachment: scroll;background-size: auto;padding-top: 0px;padding-bottom: 0px;margin-top: 0px;margin-bottom: 0px\"><div class=\"vc_row wpb_row vc_row-fluid\" style=\"\"><div class=\"wpb_column vc_column_container vc_col-sm-12\"><div class=\"vc_column-inner vc_custom_1743063936502\"><div class=\"wpb_wrapper\">\n\t<div class=\"wpb_text_column wpb_content_element\" >\n\t\t<div class=\"wpb_wrapper\">\n\t\t\t<p>Die Mitglieder der Indexkommission haben ihre Aufzeichnungen \u00fcber die beobachteten Preise f\u00fcr den Bau neuer Privatwohnungen im ganzen Land w\u00e4hrend der zweites H\u00e4lfte des Jahres 2025 zusammengetragen.<\/p>\n<p>Nach Beratungen legte die Indexkommission der Belgischen Expertenvereinigung den neuen Index wie folgt fest<\/p>\n<h2>1056<\/h2>\n<p>Entdecken Sie hier den neuen <a href=\"https:\/\/abex.be\/de\/produkt\/preisliste-fur-einheitspreise-01-2026\/\" target=\"_blank\" rel=\"noopener\">Bordereau 01-26<\/a><\/p>\n\n\t\t<\/div>\n\t<\/div>\n<\/div><\/div><\/div><\/div><\/div>\n<\/div>","protected":false},"excerpt":{"rendered":"<p>Die Mitglieder der Indexkommission haben ihre Aufzeichnungen \u00fcber die beobachteten Preise f\u00fcr den Bau neuer Privatwohnungen im ganzen Land w\u00e4hrend der zweiten H\u00e4lfte des Jahres 2025 zusammengetragen. Nach Beratungen hat die Indexkommission des Belgischen Sachverst\u00e4ndigenverbands den neuen Index auf 1056 festgelegt Entdecken Sie hier das neue Verzeichnis 01-26<\/p>","protected":false},"author":3,"featured_media":926,"comment_status":"closed","ping_status":"closed","sticky":false,"template":"","format":"standard","meta":{"footnotes":""},"categories":[112],"tags":[],"class_list":["post-1698","post","type-post","status-publish","format-standard","has-post-thumbnail","hentry","category-actualites","category-112","description-off"],"yoast_head":"<!-- This site is optimized with the Yoast SEO plugin v27.5 - https:\/\/yoast.com\/product\/yoast-seo-wordpress\/ -->\n<title>Indice ABEX 01\/01\/2026<\/title>\n<meta name=\"description\" content=\"Apr\u00e8s d\u00e9lib\u00e9ration, la commission de l\u2019indice de l\u2019Association Belge des Experts a fix\u00e9 le nouvel indice \u00e0 1056.\" \/>\n<meta name=\"robots\" content=\"index, follow, max-snippet:-1, max-image-preview:large, max-video-preview:-1\" \/>\n<link rel=\"canonical\" href=\"https:\/\/abex.be\/de\/abex-index-am-01-01-2026\/\" \/>\n<meta property=\"og:locale\" content=\"de_DE\" \/>\n<meta property=\"og:type\" content=\"article\" \/>\n<meta property=\"og:title\" content=\"Indice ABEX 01\/05\/2025\" \/>\n<meta property=\"og:description\" content=\"Apr\u00e8s d\u00e9lib\u00e9ration, la commission de l\u2019indice de l\u2019Association Belge des Experts a fix\u00e9 le nouvel indice \u00e0 1057\" \/>\n<meta property=\"og:url\" content=\"https:\/\/abex.be\/de\/abex-index-am-01-01-2026\/\" \/>\n<meta property=\"og:site_name\" content=\"ABEX\" \/>\n<meta property=\"article:published_time\" content=\"2026-01-07T12:06:45+00:00\" \/>\n<meta property=\"article:modified_time\" content=\"2026-01-14T11:18:00+00:00\" \/>\n<meta property=\"og:image\" content=\"https:\/\/abex.be\/wp-content\/uploads\/2025\/06\/AdobeStock_637377352-scaled.jpeg\" \/>\n\t<meta property=\"og:image:width\" content=\"2560\" \/>\n\t<meta property=\"og:image:height\" content=\"1484\" \/>\n\t<meta property=\"og:image:type\" content=\"image\/jpeg\" \/>\n<meta name=\"author\" content=\"Nathalie Muys\" \/>\n<meta name=\"twitter:card\" content=\"summary_large_image\" \/>\n<meta name=\"twitter:title\" content=\"Indice ABEX 01\/05\/2025\" \/>\n<meta name=\"twitter:description\" content=\"Apr\u00e8s d\u00e9lib\u00e9ration, la commission de l\u2019indice de l\u2019Association Belge des Experts a fix\u00e9 le nouvel indice \u00e0 1057\" \/>\n<meta name=\"twitter:image\" content=\"https:\/\/abex.be\/wp-content\/uploads\/2025\/06\/AdobeStock_637377352-scaled.jpeg\" \/>\n<meta name=\"twitter:label1\" content=\"Verfasst von\" \/>\n\t<meta name=\"twitter:data1\" content=\"Nathalie Muys\" \/>\n\t<meta name=\"twitter:label2\" content=\"Gesch\u00e4tzte Lesezeit\" \/>\n\t<meta name=\"twitter:data2\" content=\"1\u00a0Minute\" \/>\n<script type=\"application\/ld+json\" class=\"yoast-schema-graph\">{\"@context\":\"https:\\\/\\\/schema.org\",\"@graph\":[{\"@type\":\"Article\",\"@id\":\"https:\\\/\\\/abex.be\\\/indice-abex-au-01-01-2026\\\/#article\",\"isPartOf\":{\"@id\":\"https:\\\/\\\/abex.be\\\/indice-abex-au-01-01-2026\\\/\"},\"author\":{\"name\":\"Nathalie Muys\",\"@id\":\"https:\\\/\\\/abex.be\\\/#\\\/schema\\\/person\\\/33d3fd7ae25cc361aee4eeb3356aa30b\"},\"headline\":\"Indice ABEX au 01\\\/01\\\/2026\",\"datePublished\":\"2026-01-07T12:06:45+00:00\",\"dateModified\":\"2026-01-14T11:18:00+00:00\",\"mainEntityOfPage\":{\"@id\":\"https:\\\/\\\/abex.be\\\/indice-abex-au-01-01-2026\\\/\"},\"wordCount\":97,\"publisher\":{\"@id\":\"https:\\\/\\\/abex.be\\\/#organization\"},\"image\":{\"@id\":\"https:\\\/\\\/abex.be\\\/indice-abex-au-01-01-2026\\\/#primaryimage\"},\"thumbnailUrl\":\"https:\\\/\\\/abex.be\\\/wp-content\\\/uploads\\\/2025\\\/06\\\/AdobeStock_637377352-scaled.jpeg\",\"articleSection\":[\"Actualit\u00e9s\"],\"inLanguage\":\"de\"},{\"@type\":\"WebPage\",\"@id\":\"https:\\\/\\\/abex.be\\\/indice-abex-au-01-01-2026\\\/\",\"url\":\"https:\\\/\\\/abex.be\\\/indice-abex-au-01-01-2026\\\/\",\"name\":\"Indice ABEX 01\\\/01\\\/2026\",\"isPartOf\":{\"@id\":\"https:\\\/\\\/abex.be\\\/#website\"},\"primaryImageOfPage\":{\"@id\":\"https:\\\/\\\/abex.be\\\/indice-abex-au-01-01-2026\\\/#primaryimage\"},\"image\":{\"@id\":\"https:\\\/\\\/abex.be\\\/indice-abex-au-01-01-2026\\\/#primaryimage\"},\"thumbnailUrl\":\"https:\\\/\\\/abex.be\\\/wp-content\\\/uploads\\\/2025\\\/06\\\/AdobeStock_637377352-scaled.jpeg\",\"datePublished\":\"2026-01-07T12:06:45+00:00\",\"dateModified\":\"2026-01-14T11:18:00+00:00\",\"description\":\"Apr\u00e8s d\u00e9lib\u00e9ration, la commission de l\u2019indice de l\u2019Association Belge des Experts a fix\u00e9 le nouvel indice \u00e0 1056.\",\"breadcrumb\":{\"@id\":\"https:\\\/\\\/abex.be\\\/indice-abex-au-01-01-2026\\\/#breadcrumb\"},\"inLanguage\":\"de\",\"potentialAction\":[{\"@type\":\"ReadAction\",\"target\":[\"https:\\\/\\\/abex.be\\\/indice-abex-au-01-01-2026\\\/\"]}]},{\"@type\":\"ImageObject\",\"inLanguage\":\"de\",\"@id\":\"https:\\\/\\\/abex.be\\\/indice-abex-au-01-01-2026\\\/#primaryimage\",\"url\":\"https:\\\/\\\/abex.be\\\/wp-content\\\/uploads\\\/2025\\\/06\\\/AdobeStock_637377352-scaled.jpeg\",\"contentUrl\":\"https:\\\/\\\/abex.be\\\/wp-content\\\/uploads\\\/2025\\\/06\\\/AdobeStock_637377352-scaled.jpeg\",\"width\":2560,\"height\":1484,\"caption\":\"Project approval concept. Businessman analyzing business growth chart to approve corporate project.\"},{\"@type\":\"BreadcrumbList\",\"@id\":\"https:\\\/\\\/abex.be\\\/indice-abex-au-01-01-2026\\\/#breadcrumb\",\"itemListElement\":[{\"@type\":\"ListItem\",\"position\":1,\"name\":\"Accueil\",\"item\":\"https:\\\/\\\/abex.be\\\/\"},{\"@type\":\"ListItem\",\"position\":2,\"name\":\"Indice ABEX au 01\\\/01\\\/2026\"}]},{\"@type\":\"WebSite\",\"@id\":\"https:\\\/\\\/abex.be\\\/#website\",\"url\":\"https:\\\/\\\/abex.be\\\/\",\"name\":\"ABEX\",\"description\":\"Association belge des Experts - Associatie van Belgische experten\",\"publisher\":{\"@id\":\"https:\\\/\\\/abex.be\\\/#organization\"},\"potentialAction\":[{\"@type\":\"SearchAction\",\"target\":{\"@type\":\"EntryPoint\",\"urlTemplate\":\"https:\\\/\\\/abex.be\\\/?s={search_term_string}\"},\"query-input\":{\"@type\":\"PropertyValueSpecification\",\"valueRequired\":true,\"valueName\":\"search_term_string\"}}],\"inLanguage\":\"de\"},{\"@type\":\"Organization\",\"@id\":\"https:\\\/\\\/abex.be\\\/#organization\",\"name\":\"Association belge des Experts - Associatie van Belgische experten\",\"url\":\"https:\\\/\\\/abex.be\\\/\",\"logo\":{\"@type\":\"ImageObject\",\"inLanguage\":\"de\",\"@id\":\"https:\\\/\\\/abex.be\\\/#\\\/schema\\\/logo\\\/image\\\/\",\"url\":\"https:\\\/\\\/abex.be\\\/wp-content\\\/uploads\\\/2025\\\/07\\\/ABEX-old-logo-blue-281.png\",\"contentUrl\":\"https:\\\/\\\/abex.be\\\/wp-content\\\/uploads\\\/2025\\\/07\\\/ABEX-old-logo-blue-281.png\",\"width\":1024,\"height\":1024,\"caption\":\"Association belge des Experts - Associatie van Belgische experten\"},\"image\":{\"@id\":\"https:\\\/\\\/abex.be\\\/#\\\/schema\\\/logo\\\/image\\\/\"},\"sameAs\":[\"https:\\\/\\\/www.linkedin.com\\\/company\\\/abex-up\\\/\"]},{\"@type\":\"Person\",\"@id\":\"https:\\\/\\\/abex.be\\\/#\\\/schema\\\/person\\\/33d3fd7ae25cc361aee4eeb3356aa30b\",\"name\":\"Nathalie Muys\",\"image\":{\"@type\":\"ImageObject\",\"inLanguage\":\"de\",\"@id\":\"https:\\\/\\\/secure.gravatar.com\\\/avatar\\\/734eda292c16f4b41814268d0d8c6d2e51c68e3e911c20651261e6fd5d4b88fa?s=96&d=mm&r=g\",\"url\":\"https:\\\/\\\/secure.gravatar.com\\\/avatar\\\/734eda292c16f4b41814268d0d8c6d2e51c68e3e911c20651261e6fd5d4b88fa?s=96&d=mm&r=g\",\"contentUrl\":\"https:\\\/\\\/secure.gravatar.com\\\/avatar\\\/734eda292c16f4b41814268d0d8c6d2e51c68e3e911c20651261e6fd5d4b88fa?s=96&d=mm&r=g\",\"caption\":\"Nathalie Muys\"},\"sameAs\":[\"http:\\\/\\\/abex.be\"],\"url\":\"https:\\\/\\\/abex.be\\\/de\\\/author\\\/abex-officeadmin\\\/\"}]}<\/script>\n<!-- \/ Yoast SEO plugin. -->","yoast_head_json":{"title":"ABEX-Index 01\/01\/2026","description":"Nach Beratungen legte die Indexkommission der Belgischen Vereinigung der Sachverst\u00e4ndigen den neuen Index auf 1056 fest.","robots":{"index":"index","follow":"follow","max-snippet":"max-snippet:-1","max-image-preview":"max-image-preview:large","max-video-preview":"max-video-preview:-1"},"canonical":"https:\/\/abex.be\/de\/abex-index-am-01-01-2026\/","og_locale":"de_DE","og_type":"article","og_title":"Indice ABEX 01\/05\/2025","og_description":"Apr\u00e8s d\u00e9lib\u00e9ration, la commission de l\u2019indice de l\u2019Association Belge des Experts a fix\u00e9 le nouvel indice \u00e0 1057","og_url":"https:\/\/abex.be\/de\/abex-index-am-01-01-2026\/","og_site_name":"ABEX","article_published_time":"2026-01-07T12:06:45+00:00","article_modified_time":"2026-01-14T11:18:00+00:00","og_image":[{"width":2560,"height":1484,"url":"https:\/\/abex.be\/wp-content\/uploads\/2025\/06\/AdobeStock_637377352-scaled.jpeg","type":"image\/jpeg"}],"author":"Nathalie Muys","twitter_card":"summary_large_image","twitter_title":"Indice ABEX 01\/05\/2025","twitter_description":"Apr\u00e8s d\u00e9lib\u00e9ration, la commission de l\u2019indice de l\u2019Association Belge des Experts a fix\u00e9 le nouvel indice \u00e0 1057","twitter_image":"https:\/\/abex.be\/wp-content\/uploads\/2025\/06\/AdobeStock_637377352-scaled.jpeg","twitter_misc":{"Verfasst von":"Nathalie Muys","Gesch\u00e4tzte Lesezeit":"1\u00a0Minute"},"schema":{"@context":"https:\/\/schema.org","@graph":[{"@type":"Article","@id":"https:\/\/abex.be\/indice-abex-au-01-01-2026\/#article","isPartOf":{"@id":"https:\/\/abex.be\/indice-abex-au-01-01-2026\/"},"author":{"name":"Nathalie Muys","@id":"https:\/\/abex.be\/#\/schema\/person\/33d3fd7ae25cc361aee4eeb3356aa30b"},"headline":"Indice ABEX au 01\/01\/2026","datePublished":"2026-01-07T12:06:45+00:00","dateModified":"2026-01-14T11:18:00+00:00","mainEntityOfPage":{"@id":"https:\/\/abex.be\/indice-abex-au-01-01-2026\/"},"wordCount":97,"publisher":{"@id":"https:\/\/abex.be\/#organization"},"image":{"@id":"https:\/\/abex.be\/indice-abex-au-01-01-2026\/#primaryimage"},"thumbnailUrl":"https:\/\/abex.be\/wp-content\/uploads\/2025\/06\/AdobeStock_637377352-scaled.jpeg","articleSection":["Actualit\u00e9s"],"inLanguage":"de"},{"@type":"WebPage","@id":"https:\/\/abex.be\/indice-abex-au-01-01-2026\/","url":"https:\/\/abex.be\/indice-abex-au-01-01-2026\/","name":"ABEX-Index 01\/01\/2026","isPartOf":{"@id":"https:\/\/abex.be\/#website"},"primaryImageOfPage":{"@id":"https:\/\/abex.be\/indice-abex-au-01-01-2026\/#primaryimage"},"image":{"@id":"https:\/\/abex.be\/indice-abex-au-01-01-2026\/#primaryimage"},"thumbnailUrl":"https:\/\/abex.be\/wp-content\/uploads\/2025\/06\/AdobeStock_637377352-scaled.jpeg","datePublished":"2026-01-07T12:06:45+00:00","dateModified":"2026-01-14T11:18:00+00:00","description":"Nach Beratungen legte die Indexkommission der Belgischen Vereinigung der Sachverst\u00e4ndigen den neuen Index auf 1056 fest.","breadcrumb":{"@id":"https:\/\/abex.be\/indice-abex-au-01-01-2026\/#breadcrumb"},"inLanguage":"de","potentialAction":[{"@type":"ReadAction","target":["https:\/\/abex.be\/indice-abex-au-01-01-2026\/"]}]},{"@type":"ImageObject","inLanguage":"de","@id":"https:\/\/abex.be\/indice-abex-au-01-01-2026\/#primaryimage","url":"https:\/\/abex.be\/wp-content\/uploads\/2025\/06\/AdobeStock_637377352-scaled.jpeg","contentUrl":"https:\/\/abex.be\/wp-content\/uploads\/2025\/06\/AdobeStock_637377352-scaled.jpeg","width":2560,"height":1484,"caption":"Project approval concept. Businessman analyzing business growth chart to approve corporate project."},{"@type":"BreadcrumbList","@id":"https:\/\/abex.be\/indice-abex-au-01-01-2026\/#breadcrumb","itemListElement":[{"@type":"ListItem","position":1,"name":"Accueil","item":"https:\/\/abex.be\/"},{"@type":"ListItem","position":2,"name":"Indice ABEX au 01\/01\/2026"}]},{"@type":"WebSite","@id":"https:\/\/abex.be\/#website","url":"https:\/\/abex.be\/","name":"ABEX","description":"Association belge des Experts - Associatie van Belgische experten","publisher":{"@id":"https:\/\/abex.be\/#organization"},"potentialAction":[{"@type":"SearchAction","target":{"@type":"EntryPoint","urlTemplate":"https:\/\/abex.be\/?s={search_term_string}"},"query-input":{"@type":"PropertyValueSpecification","valueRequired":true,"valueName":"search_term_string"}}],"inLanguage":"de"},{"@type":"Organization","@id":"https:\/\/abex.be\/#organization","name":"Association belge des Experts - Associatie van Belgische experten","url":"https:\/\/abex.be\/","logo":{"@type":"ImageObject","inLanguage":"de","@id":"https:\/\/abex.be\/#\/schema\/logo\/image\/","url":"https:\/\/abex.be\/wp-content\/uploads\/2025\/07\/ABEX-old-logo-blue-281.png","contentUrl":"https:\/\/abex.be\/wp-content\/uploads\/2025\/07\/ABEX-old-logo-blue-281.png","width":1024,"height":1024,"caption":"Association belge des Experts - Associatie van Belgische experten"},"image":{"@id":"https:\/\/abex.be\/#\/schema\/logo\/image\/"},"sameAs":["https:\/\/www.linkedin.com\/company\/abex-up\/"]},{"@type":"Person","@id":"https:\/\/abex.be\/#\/schema\/person\/33d3fd7ae25cc361aee4eeb3356aa30b","name":"Nathalie Muys","image":{"@type":"ImageObject","inLanguage":"de","@id":"https:\/\/secure.gravatar.com\/avatar\/734eda292c16f4b41814268d0d8c6d2e51c68e3e911c20651261e6fd5d4b88fa?s=96&d=mm&r=g","url":"https:\/\/secure.gravatar.com\/avatar\/734eda292c16f4b41814268d0d8c6d2e51c68e3e911c20651261e6fd5d4b88fa?s=96&d=mm&r=g","contentUrl":"https:\/\/secure.gravatar.com\/avatar\/734eda292c16f4b41814268d0d8c6d2e51c68e3e911c20651261e6fd5d4b88fa?s=96&d=mm&r=g","caption":"Nathalie Muys"},"sameAs":["http:\/\/abex.be"],"url":"https:\/\/abex.be\/de\/author\/abex-officeadmin\/"}]}},"_links":{"self":[{"href":"https:\/\/abex.be\/de\/wp-json\/wp\/v2\/posts\/1698","targetHints":{"allow":["GET"]}}],"collection":[{"href":"https:\/\/abex.be\/de\/wp-json\/wp\/v2\/posts"}],"about":[{"href":"https:\/\/abex.be\/de\/wp-json\/wp\/v2\/types\/post"}],"author":[{"embeddable":true,"href":"https:\/\/abex.be\/de\/wp-json\/wp\/v2\/users\/3"}],"replies":[{"embeddable":true,"href":"https:\/\/abex.be\/de\/wp-json\/wp\/v2\/comments?post=1698"}],"version-history":[{"count":0,"href":"https:\/\/abex.be\/de\/wp-json\/wp\/v2\/posts\/1698\/revisions"}],"wp:featuredmedia":[{"embeddable":true,"href":"https:\/\/abex.be\/de\/wp-json\/wp\/v2\/media\/926"}],"wp:attachment":[{"href":"https:\/\/abex.be\/de\/wp-json\/wp\/v2\/media?parent=1698"}],"wp:term":[{"taxonomy":"category","embeddable":true,"href":"https:\/\/abex.be\/de\/wp-json\/wp\/v2\/categories?post=1698"},{"taxonomy":"post_tag","embeddable":true,"href":"https:\/\/abex.be\/de\/wp-json\/wp\/v2\/tags?post=1698"}],"curies":[{"name":"wp","href":"https:\/\/api.w.org\/{rel}","templated":true}]}}